{"id":327,"date":"2026-03-13T13:15:51","date_gmt":"2026-03-13T12:15:51","guid":{"rendered":"https:\/\/pttz.wroclaw.pl\/?p=327"},"modified":"2026-03-16T14:40:22","modified_gmt":"2026-03-16T13:40:22","slug":"foodfakty-summit-2026","status":"publish","type":"post","link":"https:\/\/pttz.wroclaw.pl\/en\/foodfakty-summit-2026\/","title":{"rendered":"FoodFakty Summit 2026"},"content":{"rendered":"<p>Szanowni Pa\u0144stwo,<\/p>\n\n\n\n<p>serdecznie zapraszamy Pa\u0144stwa do udzia\u0142u w tegorocznej edycji <strong>FoodFakty Summit 2026<\/strong>, kt\u00f3rego strategicznym partnerem naukowym jest PTT\u017b.<\/p>\n\n\n\n<p>Ubieg\u0142oroczna edycja wydarzenia \u2013 <strong>FoodFakty Summit food4tomorrow2025<\/strong> \u2013 spotka\u0142a si\u0119 z bardzo du\u017cym zainteresowaniem bran\u017cy spo\u017cywczej. W wydarzeniu uczestniczy\u0142o ponad 630 os\u00f3b, a jego program merytoryczny wsp\u00f3\u0142tworzy\u0142o blisko 120 partner\u00f3w. Prelegenci reprezentuj\u0105cy \u015brodowisko naukowe, w tym PTT\u017b, mieli mo\u017cliwo\u015b\u0107 zaprezentowania swoich bada\u0144 oraz do\u015bwiadcze\u0144 szerokiemu gronu przedstawicieli nauki, biznesu i administracji.<\/p>\n\n\n\n<p>Podsumowanie wydarzenia dost\u0119pne jest pod adresem:<br><a href=\"https:\/\/foodfakty.pl\/foodfakty-summit-food4tomorrow-podsumowanie-szczytu-laczacego-biznes-nauke-i-administracje-fotorelacja\" target=\"_blank\" rel=\"noreferrer noopener\">https:\/\/foodfakty.pl\/foodfakty-summit-food4tomorrow-podsumowanie-szczytu-laczacego-biznes-nauke-i-administracje-fotorelacja<\/a><\/p>\n\n\n\n<p>Tegoroczna edycja <strong>FoodFakty Summit<\/strong> odb\u0119dzie si\u0119 <strong>25\u201326 listopada 2026 r. w \u0141odzi<\/strong>.<\/p>\n\n\n\n<p><\/p>\n\n\n\n<p>W za\u0142\u0105czniku komunikat dotycz\u0105cy wydarzenia.<\/p>\n\n\n\n<div data-wp-interactive=\"core\/file\" class=\"wp-block-file\"><object data-wp-bind--hidden=\"!state.hasPdfPreview\" hidden class=\"wp-block-file__embed\" data=\"https:\/\/pttz.wroclaw.pl\/wp-content\/uploads\/2026\/03\/Oferta_FoodFakty-Summit_2026-Oferta-Naukowcy.pdf\" type=\"application\/pdf\" style=\"width:100%;height:600px\" aria-label=\"Embed of Oferta_FoodFakty Summit_2026 - Oferta Naukowcy.\"><\/object><a id=\"wp-block-file--media-60a6c673-4303-4767-9c84-02b7a0f65dbc\" href=\"https:\/\/pttz.wroclaw.pl\/wp-content\/uploads\/2026\/03\/Oferta_FoodFakty-Summit_2026-Oferta-Naukowcy.pdf\">Oferta_FoodFakty Summit_2026 &#8211; Oferta Naukowcy<\/a><a href=\"https:\/\/pttz.wroclaw.pl\/wp-content\/uploads\/2026\/03\/Oferta_FoodFakty-Summit_2026-Oferta-Naukowcy.pdf\" class=\"wp-block-file__button wp-element-button\" aria-describedby=\"wp-block-file--media-60a6c673-4303-4767-9c84-02b7a0f65dbc\" download>Pobierz<\/a><\/div>\n\n\n\n<p><\/p>","protected":false},"excerpt":{"rendered":"<p>Szanowni Pa\u0144stwo, serdecznie zapraszamy Pa\u0144stwa do udzia\u0142u w tegorocznej edycji FoodFakty Summit 2026, kt\u00f3rego strategicznym partnerem naukowym jest PTT\u017b. Ubieg\u0142oroczna edycja wydarzenia \u2013 FoodFakty Summit food4tomorrow2025 \u2013 spotka\u0142a si\u0119 z bardzo du\u017cym zainteresowaniem bran\u017cy spo\u017cywczej. W wydarzeniu uczestniczy\u0142o ponad 630 os\u00f3b, a jego program merytoryczny wsp\u00f3\u0142tworzy\u0142o blisko 120 partner\u00f3w. Prelegenci reprezentuj\u0105cy \u015brodowisko naukowe, w tym &hellip; <\/p>\n<p class=\"link-more\"><a href=\"https:\/\/pttz.wroclaw.pl\/en\/foodfakty-summit-2026\/\" class=\"more-link\">Continue reading<span class=\"screen-reader-text\"> &#8222;FoodFakty Summit 2026&#8221;<\/span><\/a><\/p>","protected":false},"author":3,"featured_media":0,"comment_status":"closed","ping_status":"open","sticky":false,"template":"","format":"standard","meta":{"footnotes":""},"categories":[1],"tags":[],"class_list":["post-327","post","type-post","status-publish","format-standard","hentry","category-bez-kategorii"],"_links":{"self":[{"href":"https:\/\/pttz.wroclaw.pl\/en\/wp-json\/wp\/v2\/posts\/327","targetHints":{"allow":["GET"]}}],"collection":[{"href":"https:\/\/pttz.wroclaw.pl\/en\/wp-json\/wp\/v2\/posts"}],"about":[{"href":"https:\/\/pttz.wroclaw.pl\/en\/wp-json\/wp\/v2\/types\/post"}],"author":[{"embeddable":true,"href":"https:\/\/pttz.wroclaw.pl\/en\/wp-json\/wp\/v2\/users\/3"}],"replies":[{"embeddable":true,"href":"https:\/\/pttz.wroclaw.pl\/en\/wp-json\/wp\/v2\/comments?post=327"}],"version-history":[{"count":2,"href":"https:\/\/pttz.wroclaw.pl\/en\/wp-json\/wp\/v2\/posts\/327\/revisions"}],"predecessor-version":[{"id":330,"href":"https:\/\/pttz.wroclaw.pl\/en\/wp-json\/wp\/v2\/posts\/327\/revisions\/330"}],"wp:attachment":[{"href":"https:\/\/pttz.wroclaw.pl\/en\/wp-json\/wp\/v2\/media?parent=327"}],"wp:term":[{"taxonomy":"category","embeddable":true,"href":"https:\/\/pttz.wroclaw.pl\/en\/wp-json\/wp\/v2\/categories?post=327"},{"taxonomy":"post_tag","embeddable":true,"href":"https:\/\/pttz.wroclaw.pl\/en\/wp-json\/wp\/v2\/tags?post=327"}],"curies":[{"name":"wp","href":"https:\/\/api.w.org\/{rel}","templated":true}]}}